{"id":2030,"date":"2026-04-16T11:26:10","date_gmt":"2026-04-16T11:26:10","guid":{"rendered":"https:\/\/museodellaceramicadellatuscia.it\/?p=2030"},"modified":"2026-04-16T11:37:17","modified_gmt":"2026-04-16T11:37:17","slug":"essenze-al-museo-2026","status":"publish","type":"post","link":"http:\/\/museodellaceramicadellatuscia.it\/en\/essenze-al-museo-2026\/","title":{"rendered":"Essenze al Museo 2026"},"content":{"rendered":"<p><em><strong>GIOVED\u00cc 17 APRILE 2026<br \/>\nORE 17<br \/>\n<\/strong><\/em><em><strong>\u201cFiori e profumi di primavera\u201d<\/strong><\/em><br \/>\n<em><strong>Le fioriture primaverili:<\/strong><\/em><br \/>\n<em><strong>Narciso e Iris<\/strong><\/em><\/p>\n<p>Verranno analizzati gli aspetti botanici ed ecologici della primavera. Nello specifico saranno analizzate due specie caratterizzanti le fioriture primaverili: Narciso e Iris.<br \/>\nDelle due piante verranno descritti i caratteri botanici ed ecologici salienti, a cui seguir\u00e0 la caratterizzazione delle fragranze e il loro impiego in profumeria, anche facendo<br \/>\nriferimento a profumi iconici, che meglio ne esprimono le peculiarit\u00e0 olfattive.<br \/>\nL\u2019incontro sar\u00e0 arricchito ad un\u2019esperienza olfattiva sul tema trattato..<\/p>\n<p><em><strong>GIOVED\u00cc 23 APRILE 2026<\/strong><\/em><br \/>\n<em><strong>ORE 17<br \/>\n<\/strong><\/em><em><strong>\u201cFiori e profumi di primavera\u201d<\/strong><\/em><br \/>\n<em><strong>Le fioriture primaverili:<\/strong><\/em><br \/>\n<em><strong>Mimosa, Caprifoglio e Mughetto<\/strong><\/em><\/p>\n<p>Si presentano tre specie significative a fioritura primaverile, negli aspetti botanici ed ecologici: Mimosa, Caprifoglio e Mughetto.<br \/>\nDi ciascuna di esse si analizzano, inoltre, le peculiarit\u00e0 delle fragranze e l&#8217;impiego in profumeria. Far\u00e0 seguito un&#8217;esperienza olfattiva facendo riferimento a profumi iconici, che ne esprimono al meglio le peculiarit\u00e0.<br \/>\nL&#8217;incontro sar\u00e0 arricchito da un&#8217;esperienza olfattiva sul tema trattato.<\/p>\n<p><em><strong>GIOVED\u00cc 30 APRILE 2026<\/strong><\/em><br \/>\n<em><strong>ORE 17<br \/>\nUn laboratorio creativo che, passo dopo passo, consentir\u00e0 ad ogni partecipante di comporre un accordo profumato ottenuto dalle piante e fiori oggetto degli incontri.<br \/>\nDurata: 75 minuti circa.<br \/>\nSu prenotazione. Numero partecipanti max. 20<br \/>\n<\/strong><\/em><\/p>","protected":false},"excerpt":{"rendered":"<p>GIOVED\u00cc 17 APRILE 2026 ORE 17 \u201cFiori e profumi di primavera\u201d Le fioriture primaverili: Narciso e Iris Verranno analizzati gli aspetti botanici ed ecologici della primavera. Nello specifico saranno analizzate due specie caratterizzanti le fioriture primaverili: Narciso e Iris. Delle due piante verranno descritti i&#8230;<\/p>","protected":false},"author":3,"featured_media":2031,"comment_status":"closed","ping_status":"closed","sticky":false,"template":"","format":"standard","meta":{"footnotes":""},"categories":[73,1],"tags":[],"yoast_head":"<!-- This site is optimized with the Yoast SEO plugin v23.5 - https:\/\/yoast.com\/wordpress\/plugins\/seo\/ -->\n<title>Essenze al Museo 2026 - museo della ceramica della tuscia<\/title>\n<meta name=\"robots\" content=\"index, follow, max-snippet:-1, max-image-preview:large, max-video-preview:-1\" \/>\n<link rel=\"canonical\" href=\"https:\/\/museodellaceramicadellatuscia.it\/en\/essenze-al-museo-2026\/\" \/>\n<meta property=\"og:locale\" content=\"en_GB\" \/>\n<meta property=\"og:type\" content=\"article\" \/>\n<meta property=\"og:title\" content=\"Essenze al Museo 2026 - museo della ceramica della tuscia\" \/>\n<meta property=\"og:description\" content=\"GIOVED\u00cc 17 APRILE 2026 ORE 17 \u201cFiori e profumi di primavera\u201d Le fioriture primaverili: Narciso e Iris Verranno analizzati gli aspetti botanici ed ecologici della primavera. Nello specifico saranno analizzate due specie caratterizzanti le fioriture primaverili: Narciso e Iris. Delle due piante verranno descritti i...\" \/>\n<meta property=\"og:url\" content=\"https:\/\/museodellaceramicadellatuscia.it\/en\/essenze-al-museo-2026\/\" \/>\n<meta property=\"og:site_name\" content=\"museo della ceramica della tuscia\" \/>\n<meta property=\"article:publisher\" content=\"https:\/\/www.facebook.com\/Museo-della-Ceramica-della-Tuscia-1426456461008150\/\" \/>\n<meta property=\"article:published_time\" content=\"2026-04-16T11:26:10+00:00\" \/>\n<meta property=\"article:modified_time\" content=\"2026-04-16T11:37:17+00:00\" \/>\n<meta property=\"og:image\" content=\"https:\/\/museodellaceramicadellatuscia.it\/wp-content\/uploads\/2026\/04\/essenze-evi.jpg\" \/>\n\t<meta property=\"og:image:width\" content=\"1600\" \/>\n\t<meta property=\"og:image:height\" content=\"1217\" \/>\n\t<meta property=\"og:image:type\" content=\"image\/jpeg\" \/>\n<meta name=\"author\" content=\"amministrazionemuseo\" \/>\n<meta name=\"twitter:card\" content=\"summary_large_image\" \/>\n<meta name=\"twitter:label1\" content=\"Written by\" \/>\n\t<meta name=\"twitter:data1\" content=\"amministrazionemuseo\" \/>\n\t<meta name=\"twitter:label2\" content=\"Estimated reading time\" \/>\n\t<meta name=\"twitter:data2\" content=\"1 minute\" \/>\n<script type=\"application\/ld+json\" class=\"yoast-schema-graph\">{\"@context\":\"https:\/\/schema.org\",\"@graph\":[{\"@type\":\"Article\",\"@id\":\"https:\/\/museodellaceramicadellatuscia.it\/essenze-al-museo-2026\/#article\",\"isPartOf\":{\"@id\":\"https:\/\/museodellaceramicadellatuscia.it\/essenze-al-museo-2026\/\"},\"author\":{\"name\":\"amministrazionemuseo\",\"@id\":\"https:\/\/museodellaceramicadellatuscia.it\/#\/schema\/person\/c9d89b4cd624ce0ba8268b773e07c119\"},\"headline\":\"Essenze al Museo 2026\",\"datePublished\":\"2026-04-16T11:26:10+00:00\",\"dateModified\":\"2026-04-16T11:37:17+00:00\",\"mainEntityOfPage\":{\"@id\":\"https:\/\/museodellaceramicadellatuscia.it\/essenze-al-museo-2026\/\"},\"wordCount\":194,\"publisher\":{\"@id\":\"https:\/\/museodellaceramicadellatuscia.it\/#organization\"},\"image\":{\"@id\":\"https:\/\/museodellaceramicadellatuscia.it\/essenze-al-museo-2026\/#primaryimage\"},\"thumbnailUrl\":\"https:\/\/museodellaceramicadellatuscia.it\/wp-content\/uploads\/2026\/04\/essenze-evi.jpg\",\"articleSection\":[\"Archivio Eventi\",\"Eventi\"],\"inLanguage\":\"en-GB\"},{\"@type\":\"WebPage\",\"@id\":\"https:\/\/museodellaceramicadellatuscia.it\/essenze-al-museo-2026\/\",\"url\":\"https:\/\/museodellaceramicadellatuscia.it\/essenze-al-museo-2026\/\",\"name\":\"Essenze al Museo 2026 - museo della ceramica della tuscia\",\"isPartOf\":{\"@id\":\"https:\/\/museodellaceramicadellatuscia.it\/#website\"},\"primaryImageOfPage\":{\"@id\":\"https:\/\/museodellaceramicadellatuscia.it\/essenze-al-museo-2026\/#primaryimage\"},\"image\":{\"@id\":\"https:\/\/museodellaceramicadellatuscia.it\/essenze-al-museo-2026\/#primaryimage\"},\"thumbnailUrl\":\"https:\/\/museodellaceramicadellatuscia.it\/wp-content\/uploads\/2026\/04\/essenze-evi.jpg\",\"datePublished\":\"2026-04-16T11:26:10+00:00\",\"dateModified\":\"2026-04-16T11:37:17+00:00\",\"breadcrumb\":{\"@id\":\"https:\/\/museodellaceramicadellatuscia.it\/essenze-al-museo-2026\/#breadcrumb\"},\"inLanguage\":\"en-GB\",\"potentialAction\":[{\"@type\":\"ReadAction\",\"target\":[\"https:\/\/museodellaceramicadellatuscia.it\/essenze-al-museo-2026\/\"]}]},{\"@type\":\"ImageObject\",\"inLanguage\":\"en-GB\",\"@id\":\"https:\/\/museodellaceramicadellatuscia.it\/essenze-al-museo-2026\/#primaryimage\",\"url\":\"https:\/\/museodellaceramicadellatuscia.it\/wp-content\/uploads\/2026\/04\/essenze-evi.jpg\",\"contentUrl\":\"https:\/\/museodellaceramicadellatuscia.it\/wp-content\/uploads\/2026\/04\/essenze-evi.jpg\",\"width\":1600,\"height\":1217},{\"@type\":\"BreadcrumbList\",\"@id\":\"https:\/\/museodellaceramicadellatuscia.it\/essenze-al-museo-2026\/#breadcrumb\",\"itemListElement\":[{\"@type\":\"ListItem\",\"position\":1,\"name\":\"Home\",\"item\":\"https:\/\/museodellaceramicadellatuscia.it\/\"},{\"@type\":\"ListItem\",\"position\":2,\"name\":\"Essenze al Museo 2026\"}]},{\"@type\":\"WebSite\",\"@id\":\"https:\/\/museodellaceramicadellatuscia.it\/#website\",\"url\":\"https:\/\/museodellaceramicadellatuscia.it\/\",\"name\":\"Museo della Ceramica della Tuscia\",\"description\":\"Il museo della Ceramica della Tuscia, aperto al pubblico dal 1996 per iniziativa della Fondazione Carivit e del Comune di Viterbo, \u00e8 ospitato nei locali al piano terra di Palazzo Brugiotti a Viterbo.\",\"publisher\":{\"@id\":\"https:\/\/museodellaceramicadellatuscia.it\/#organization\"},\"alternateName\":\"Il Museo della Ceramica della Tuscia\",\"potentialAction\":[{\"@type\":\"SearchAction\",\"target\":{\"@type\":\"EntryPoint\",\"urlTemplate\":\"https:\/\/museodellaceramicadellatuscia.it\/?s={search_term_string}\"},\"query-input\":{\"@type\":\"PropertyValueSpecification\",\"valueRequired\":true,\"valueName\":\"search_term_string\"}}],\"inLanguage\":\"en-GB\"},{\"@type\":\"Organization\",\"@id\":\"https:\/\/museodellaceramicadellatuscia.it\/#organization\",\"name\":\"Museo della Ceramica della Tuscia\",\"url\":\"https:\/\/museodellaceramicadellatuscia.it\/\",\"logo\":{\"@type\":\"ImageObject\",\"inLanguage\":\"en-GB\",\"@id\":\"https:\/\/museodellaceramicadellatuscia.it\/#\/schema\/logo\/image\/\",\"url\":\"https:\/\/museodellaceramicadellatuscia.it\/wp-content\/uploads\/2023\/02\/mct_logo_positivo-1-1.png\",\"contentUrl\":\"https:\/\/museodellaceramicadellatuscia.it\/wp-content\/uploads\/2023\/02\/mct_logo_positivo-1-1.png\",\"width\":282,\"height\":100,\"caption\":\"Museo della Ceramica della Tuscia\"},\"image\":{\"@id\":\"https:\/\/museodellaceramicadellatuscia.it\/#\/schema\/logo\/image\/\"},\"sameAs\":[\"https:\/\/www.facebook.com\/Museo-della-Ceramica-della-Tuscia-1426456461008150\/\",\"https:\/\/www.instagram.com\/museoceramicatuscia\/\"]},{\"@type\":\"Person\",\"@id\":\"https:\/\/museodellaceramicadellatuscia.it\/#\/schema\/person\/c9d89b4cd624ce0ba8268b773e07c119\",\"name\":\"amministrazionemuseo\",\"image\":{\"@type\":\"ImageObject\",\"inLanguage\":\"en-GB\",\"@id\":\"https:\/\/museodellaceramicadellatuscia.it\/#\/schema\/person\/image\/\",\"url\":\"http:\/\/2.gravatar.com\/avatar\/b691c4fc748b00c140af87bd4c129215?s=96&d=mm&r=g\",\"contentUrl\":\"http:\/\/2.gravatar.com\/avatar\/b691c4fc748b00c140af87bd4c129215?s=96&d=mm&r=g\",\"caption\":\"amministrazionemuseo\"},\"url\":\"http:\/\/museodellaceramicadellatuscia.it\/en\/author\/amministrazionemuseo\/\"}]}<\/script>\n<!-- \/ Yoast SEO plugin. -->","yoast_head_json":{"title":"Essenze al Museo 2026 - museo della ceramica della tuscia","robots":{"index":"index","follow":"follow","max-snippet":"max-snippet:-1","max-image-preview":"max-image-preview:large","max-video-preview":"max-video-preview:-1"},"canonical":"https:\/\/museodellaceramicadellatuscia.it\/en\/essenze-al-museo-2026\/","og_locale":"en_GB","og_type":"article","og_title":"Essenze al Museo 2026 - museo della ceramica della tuscia","og_description":"GIOVED\u00cc 17 APRILE 2026 ORE 17 \u201cFiori e profumi di primavera\u201d Le fioriture primaverili: Narciso e Iris Verranno analizzati gli aspetti botanici ed ecologici della primavera. Nello specifico saranno analizzate due specie caratterizzanti le fioriture primaverili: Narciso e Iris. Delle due piante verranno descritti i...","og_url":"https:\/\/museodellaceramicadellatuscia.it\/en\/essenze-al-museo-2026\/","og_site_name":"museo della ceramica della tuscia","article_publisher":"https:\/\/www.facebook.com\/Museo-della-Ceramica-della-Tuscia-1426456461008150\/","article_published_time":"2026-04-16T11:26:10+00:00","article_modified_time":"2026-04-16T11:37:17+00:00","og_image":[{"width":1600,"height":1217,"url":"https:\/\/museodellaceramicadellatuscia.it\/wp-content\/uploads\/2026\/04\/essenze-evi.jpg","type":"image\/jpeg"}],"author":"amministrazionemuseo","twitter_card":"summary_large_image","twitter_misc":{"Written by":"amministrazionemuseo","Estimated reading time":"1 minute"},"schema":{"@context":"https:\/\/schema.org","@graph":[{"@type":"Article","@id":"https:\/\/museodellaceramicadellatuscia.it\/essenze-al-museo-2026\/#article","isPartOf":{"@id":"https:\/\/museodellaceramicadellatuscia.it\/essenze-al-museo-2026\/"},"author":{"name":"amministrazionemuseo","@id":"https:\/\/museodellaceramicadellatuscia.it\/#\/schema\/person\/c9d89b4cd624ce0ba8268b773e07c119"},"headline":"Essenze al Museo 2026","datePublished":"2026-04-16T11:26:10+00:00","dateModified":"2026-04-16T11:37:17+00:00","mainEntityOfPage":{"@id":"https:\/\/museodellaceramicadellatuscia.it\/essenze-al-museo-2026\/"},"wordCount":194,"publisher":{"@id":"https:\/\/museodellaceramicadellatuscia.it\/#organization"},"image":{"@id":"https:\/\/museodellaceramicadellatuscia.it\/essenze-al-museo-2026\/#primaryimage"},"thumbnailUrl":"https:\/\/museodellaceramicadellatuscia.it\/wp-content\/uploads\/2026\/04\/essenze-evi.jpg","articleSection":["Archivio Eventi","Eventi"],"inLanguage":"en-GB"},{"@type":"WebPage","@id":"https:\/\/museodellaceramicadellatuscia.it\/essenze-al-museo-2026\/","url":"https:\/\/museodellaceramicadellatuscia.it\/essenze-al-museo-2026\/","name":"Essenze al Museo 2026 - museo della ceramica della tuscia","isPartOf":{"@id":"https:\/\/museodellaceramicadellatuscia.it\/#website"},"primaryImageOfPage":{"@id":"https:\/\/museodellaceramicadellatuscia.it\/essenze-al-museo-2026\/#primaryimage"},"image":{"@id":"https:\/\/museodellaceramicadellatuscia.it\/essenze-al-museo-2026\/#primaryimage"},"thumbnailUrl":"https:\/\/museodellaceramicadellatuscia.it\/wp-content\/uploads\/2026\/04\/essenze-evi.jpg","datePublished":"2026-04-16T11:26:10+00:00","dateModified":"2026-04-16T11:37:17+00:00","breadcrumb":{"@id":"https:\/\/museodellaceramicadellatuscia.it\/essenze-al-museo-2026\/#breadcrumb"},"inLanguage":"en-GB","potentialAction":[{"@type":"ReadAction","target":["https:\/\/museodellaceramicadellatuscia.it\/essenze-al-museo-2026\/"]}]},{"@type":"ImageObject","inLanguage":"en-GB","@id":"https:\/\/museodellaceramicadellatuscia.it\/essenze-al-museo-2026\/#primaryimage","url":"https:\/\/museodellaceramicadellatuscia.it\/wp-content\/uploads\/2026\/04\/essenze-evi.jpg","contentUrl":"https:\/\/museodellaceramicadellatuscia.it\/wp-content\/uploads\/2026\/04\/essenze-evi.jpg","width":1600,"height":1217},{"@type":"BreadcrumbList","@id":"https:\/\/museodellaceramicadellatuscia.it\/essenze-al-museo-2026\/#breadcrumb","itemListElement":[{"@type":"ListItem","position":1,"name":"Home","item":"https:\/\/museodellaceramicadellatuscia.it\/"},{"@type":"ListItem","position":2,"name":"Essenze al Museo 2026"}]},{"@type":"WebSite","@id":"https:\/\/museodellaceramicadellatuscia.it\/#website","url":"https:\/\/museodellaceramicadellatuscia.it\/","name":"Museo della Ceramica della Tuscia","description":"Il museo della Ceramica della Tuscia, aperto al pubblico dal 1996 per iniziativa della Fondazione Carivit e del Comune di Viterbo, \u00e8 ospitato nei locali al piano terra di Palazzo Brugiotti a Viterbo.","publisher":{"@id":"https:\/\/museodellaceramicadellatuscia.it\/#organization"},"alternateName":"Il Museo della Ceramica della Tuscia","potentialAction":[{"@type":"SearchAction","target":{"@type":"EntryPoint","urlTemplate":"https:\/\/museodellaceramicadellatuscia.it\/?s={search_term_string}"},"query-input":{"@type":"PropertyValueSpecification","valueRequired":true,"valueName":"search_term_string"}}],"inLanguage":"en-GB"},{"@type":"Organization","@id":"https:\/\/museodellaceramicadellatuscia.it\/#organization","name":"Museo della Ceramica della Tuscia","url":"https:\/\/museodellaceramicadellatuscia.it\/","logo":{"@type":"ImageObject","inLanguage":"en-GB","@id":"https:\/\/museodellaceramicadellatuscia.it\/#\/schema\/logo\/image\/","url":"https:\/\/museodellaceramicadellatuscia.it\/wp-content\/uploads\/2023\/02\/mct_logo_positivo-1-1.png","contentUrl":"https:\/\/museodellaceramicadellatuscia.it\/wp-content\/uploads\/2023\/02\/mct_logo_positivo-1-1.png","width":282,"height":100,"caption":"Museo della Ceramica della Tuscia"},"image":{"@id":"https:\/\/museodellaceramicadellatuscia.it\/#\/schema\/logo\/image\/"},"sameAs":["https:\/\/www.facebook.com\/Museo-della-Ceramica-della-Tuscia-1426456461008150\/","https:\/\/www.instagram.com\/museoceramicatuscia\/"]},{"@type":"Person","@id":"https:\/\/museodellaceramicadellatuscia.it\/#\/schema\/person\/c9d89b4cd624ce0ba8268b773e07c119","name":"amministrazionemuseo","image":{"@type":"ImageObject","inLanguage":"en-GB","@id":"https:\/\/museodellaceramicadellatuscia.it\/#\/schema\/person\/image\/","url":"http:\/\/2.gravatar.com\/avatar\/b691c4fc748b00c140af87bd4c129215?s=96&d=mm&r=g","contentUrl":"http:\/\/2.gravatar.com\/avatar\/b691c4fc748b00c140af87bd4c129215?s=96&d=mm&r=g","caption":"amministrazionemuseo"},"url":"http:\/\/museodellaceramicadellatuscia.it\/en\/author\/amministrazionemuseo\/"}]}},"_links":{"self":[{"href":"http:\/\/museodellaceramicadellatuscia.it\/en\/wp-json\/wp\/v2\/posts\/2030"}],"collection":[{"href":"http:\/\/museodellaceramicadellatuscia.it\/en\/wp-json\/wp\/v2\/posts"}],"about":[{"href":"http:\/\/museodellaceramicadellatuscia.it\/en\/wp-json\/wp\/v2\/types\/post"}],"author":[{"embeddable":true,"href":"http:\/\/museodellaceramicadellatuscia.it\/en\/wp-json\/wp\/v2\/users\/3"}],"replies":[{"embeddable":true,"href":"http:\/\/museodellaceramicadellatuscia.it\/en\/wp-json\/wp\/v2\/comments?post=2030"}],"version-history":[{"count":5,"href":"http:\/\/museodellaceramicadellatuscia.it\/en\/wp-json\/wp\/v2\/posts\/2030\/revisions"}],"predecessor-version":[{"id":2039,"href":"http:\/\/museodellaceramicadellatuscia.it\/en\/wp-json\/wp\/v2\/posts\/2030\/revisions\/2039"}],"wp:featuredmedia":[{"embeddable":true,"href":"http:\/\/museodellaceramicadellatuscia.it\/en\/wp-json\/wp\/v2\/media\/2031"}],"wp:attachment":[{"href":"http:\/\/museodellaceramicadellatuscia.it\/en\/wp-json\/wp\/v2\/media?parent=2030"}],"wp:term":[{"taxonomy":"category","embeddable":true,"href":"http:\/\/museodellaceramicadellatuscia.it\/en\/wp-json\/wp\/v2\/categories?post=2030"},{"taxonomy":"post_tag","embeddable":true,"href":"http:\/\/museodellaceramicadellatuscia.it\/en\/wp-json\/wp\/v2\/tags?post=2030"}],"curies":[{"name":"wp","href":"https:\/\/api.w.org\/{rel}","templated":true}]}}